{"id":122,"date":"2015-06-12T02:56:57","date_gmt":"2015-06-12T02:56:57","guid":{"rendered":"http:\/\/marcelopetraglia.com.br\/mp\/?p=122"},"modified":"2023-08-27T22:26:06","modified_gmt":"2023-08-27T22:26:06","slug":"entrevista-no-programa-pilulas-de-saude","status":"publish","type":"post","link":"https:\/\/marcelopetraglia.com.br\/?p=122","title":{"rendered":"entrevista no programa P\u00edlulas de Sa\u00fade"},"content":{"rendered":"\n<p>Nesta entrevista ao programa de TV P\u00edlulas de Sa\u00fade Marcelo S. Petraglia fala sobre Ecologia Sonora e diversos outros temas ligados \u00e0 m\u00fasica, sa\u00fade e desenvolvimento humano.<\/p>\n\n\n\n<p>1 &#8211; O que \u00e9 Ecologia Sonora?<\/p>\n\n\n<p>[arve url=&#8221;http:\/\/www.youtube.com\/embed\/u5x8d7PnkJE&#8221; maxwidth=&#8221;500&#8243; \/]<\/p>\n\n\n\n<hr class=\"wp-block-separator has-alpha-channel-opacity\"\/>\n\n\n\n<p>2 &#8211; O que \u00e9 Polui\u00e7\u00e3o Sonora?<\/p>\n\n\n<p>[arve url=&#8221;http:\/\/www.youtube.com\/embed\/4zYSb0D0ewo&#8221; maxwidth=&#8221;500&#8243; \/]<\/p>\n\n\n\n<hr class=\"wp-block-separator has-alpha-channel-opacity\"\/>\n\n\n\n<p>3 &#8211; Qual a import\u00e2ncia do Sil\u00eancio para o Sono?<\/p>\n\n\n<p>[arve url=&#8221;http:\/\/www.youtube.com\/embed\/GbmaRewgWyU&#8221; maxwidth=&#8221;500&#8243; \/]<\/p>\n\n\n\n<hr class=\"wp-block-separator has-alpha-channel-opacity\"\/>\n\n\n\n<p>4 &#8211; O Sil\u00eancio Incomoda?<\/p>\n\n\n<p>[arve url=&#8221;http:\/\/www.youtube.com\/embed\/G_QlW88CGXg&#8221; maxwidth=&#8221;500&#8243; \/]<\/p>\n\n\n\n<hr class=\"wp-block-separator has-alpha-channel-opacity\"\/>\n\n\n\n<p>5 &#8211; A M\u00fasica pode Alterar a Consci\u00eancia?<\/p>\n\n\n<p>[arve url=&#8221;http:\/\/www.youtube.com\/embed\/j6IQMK8iv5s&#8221; maxwidth=&#8221;500&#8243; \/]<\/p>\n\n\n\n<hr class=\"wp-block-separator has-alpha-channel-opacity\"\/>\n\n\n\n<p>6 &#8211; Quais os Perigos do Fone do Ouvido?<\/p>\n\n\n<p>[arve url=&#8221;http:\/\/www.youtube.com\/embed\/83M1jzbjFMg&#8221; maxwidth=&#8221;500&#8243; \/]<\/p>\n\n\n\n<hr class=\"wp-block-separator has-alpha-channel-opacity\"\/>\n\n\n\n<p>7 &#8211; Uso de Fone de Ouvido pode Gerar Irrita\u00e7\u00e3o ou Stress?<\/p>\n\n\n<p>[arve url=&#8221;http:\/\/www.youtube.com\/embed\/Qg2tY0qSvMM&#8221; maxwidth=&#8221;500&#8243; \/]<\/p>\n\n\n\n<hr class=\"wp-block-separator has-alpha-channel-opacity\"\/>\n\n\n\n<p>8 &#8211; A M\u00fasica pode Criar um Distanciamento com a Realidade?<\/p>\n\n\n<p>[arve url=&#8221;http:\/\/www.youtube.com\/embed\/HZo2E3yiUtM&#8221; maxwidth=&#8221;500&#8243; \/]<\/p>\n\n\n\n<hr class=\"wp-block-separator has-alpha-channel-opacity\"\/>\n\n\n\n<p>9 &#8211; Excesso de Informa\u00e7\u00e3o Auditiva gera Problemas de Aten\u00e7\u00e3o?<\/p>\n\n\n<p>[arve url=&#8221;http:\/\/www.youtube.com\/embed\/HDM5JwAcRWo&#8221; maxwidth=&#8221;500&#8243; \/]<\/p>\n\n\n\n<hr class=\"wp-block-separator has-alpha-channel-opacity\"\/>\n\n\n\n<p>10 &#8211; Como Lidar com os Sons de Maneira mais Consciente?<\/p>\n\n\n<p>[arve url=&#8221;http:\/\/www.youtube.com\/embed\/nrt380csST8&#8243; maxwidth=&#8221;500&#8243; \/]<\/p>\n\n\n\n<hr class=\"wp-block-separator has-alpha-channel-opacity\"\/>\n\n\n\n<p>11 &#8211; Todos n\u00f3s Somos M\u00fasicos?<\/p>\n\n\n<p>[arve url=&#8221;http:\/\/www.youtube.com\/embed\/wNu6FF-t_p8&#8243; maxwidth=&#8221;500&#8243; \/]<\/p>\n\n\n\n<hr class=\"wp-block-separator has-alpha-channel-opacity\"\/>\n\n\n\n<p>12 &#8211; Como a M\u00fasica Revela Nossa Individualidade?<\/p>\n\n\n<p>[arve url=&#8221;http:\/\/www.youtube.com\/embed\/f-1QKEuWwA4&#8243; maxwidth=&#8221;500&#8243; \/]<\/p>\n\n\n\n<hr class=\"wp-block-separator has-alpha-channel-opacity\"\/>\n\n\n\n<p>13 &#8211; A M\u00fasica \u00e9 uma Ferramenta de Transforma\u00e7\u00e3o Interior?<\/p>\n\n\n<p>[arve url=&#8221;http:\/\/www.youtube.com\/embed\/62zrkBf2_3w&#8221; maxwidth=&#8221;500&#8243; \/]<\/p>\n\n\n\n<hr class=\"wp-block-separator has-alpha-channel-opacity\"\/>\n\n\n\n<p>14 &#8211; A M\u00fasica Reflete Parte da Nossa Personalidade?<\/p>\n\n\n<p>[arve url=&#8221;http:\/\/www.youtube.com\/embed\/Ax5PlSI5QzY&#8221; maxwidth=&#8221;500&#8243; \/]<\/p>\n\n\n\n<hr class=\"wp-block-separator has-alpha-channel-opacity\"\/>\n\n\n\n<p>15 &#8211; Como a M\u00fasica Ajuda no Desenvolvimento da Inteligencia?<\/p>\n\n\n<p>[arve url=&#8221;http:\/\/www.youtube.com\/embed\/HLTh5ib8SyU&#8221; maxwidth=&#8221;500&#8243; \/]<\/p>\n\n\n\n<hr class=\"wp-block-separator has-alpha-channel-opacity\"\/>\n\n\n\n<p>16 &#8211; M\u00fasicas para Beb\u00eas Ajudam no Desenvolvimento?<\/p>\n\n\n<p>[arve url=&#8221;http:\/\/www.youtube.com\/embed\/qEiweCEtmJU&#8221; maxwidth=&#8221;500&#8243; \/]<\/p>\n\n\n","protected":false},"excerpt":{"rendered":"<p>Nesta entrevista ao programa de TV P\u00edlulas de Sa\u00fade Marcelo S. Petraglia fala sobre Ecologia Sonora e diversos outros temas ligados \u00e0 m\u00fasica, sa\u00fade e desenvolvimento humano.<\/p>\n","protected":false},"author":2,"featured_media":0,"comment_status":"closed","ping_status":"open","sticky":false,"template":"","format":"standard","meta":{"_uag_custom_page_level_css":"","advgb_blocks_editor_width":"","advgb_blocks_columns_visual_guide":"","site-sidebar-layout":"default","site-content-layout":"","ast-site-content-layout":"default","site-content-style":"default","site-sidebar-style":"default","ast-global-header-display":"","ast-banner-title-visibility":"","ast-main-header-display":"","ast-hfb-above-header-display":"","ast-hfb-below-header-display":"","ast-hfb-mobile-header-display":"","site-post-title":"","ast-breadcrumbs-content":"","ast-featured-img":"","footer-sml-layout":"","ast-disable-related-posts":"","theme-transparent-header-meta":"","adv-header-id-meta":"","stick-header-meta":"","header-above-stick-meta":"","header-main-stick-meta":"","header-below-stick-meta":"","astra-migrate-meta-layouts":"default","ast-page-background-enabled":"default","ast-page-background-meta":{"desktop":{"background-color":"var(--ast-global-color-4)","background-image":"","background-repeat":"repeat","background-position":"center center","background-size":"auto","background-attachment":"scroll","background-type":"","background-media":"","overlay-type":"","overlay-color":"","overlay-opacity":"","overlay-gradient":""},"tablet":{"background-color":"","background-image":"","background-repeat":"repeat","background-position":"center center","background-size":"auto","background-attachment":"scroll","background-type":"","background-media":"","overlay-type":"","overlay-color":"","overlay-opacity":"","overlay-gradient":""},"mobile":{"background-color":"","background-image":"","background-repeat":"repeat","background-position":"center center","background-size":"auto","background-attachment":"scroll","background-type":"","background-media":"","overlay-type":"","overlay-color":"","overlay-opacity":"","overlay-gradient":""}},"ast-content-background-meta":{"desktop":{"background-color":"var(--ast-global-color-5)","background-image":"","background-repeat":"repeat","background-position":"center center","background-size":"auto","background-attachment":"scroll","background-type":"","background-media":"","overlay-type":"","overlay-color":"","overlay-opacity":"","overlay-gradient":""},"tablet":{"background-color":"var(--ast-global-color-5)","background-image":"","background-repeat":"repeat","background-position":"center center","background-size":"auto","background-attachment":"scroll","background-type":"","background-media":"","overlay-type":"","overlay-color":"","overlay-opacity":"","overlay-gradient":""},"mobile":{"background-color":"var(--ast-global-color-5)","background-image":"","background-repeat":"repeat","background-position":"center center","background-size":"auto","background-attachment":"scroll","background-type":"","background-media":"","overlay-type":"","overlay-color":"","overlay-opacity":"","overlay-gradient":""}},"pgc_sgb_lightbox_settings":"","footnotes":""},"categories":[3],"tags":[],"class_list":["post-122","post","type-post","status-publish","format-standard","hentry","category-midia"],"author_meta":{"display_name":"Marcelo S.Petraglia","author_link":"https:\/\/marcelopetraglia.com.br\/?author=2"},"featured_img":null,"uagb_featured_image_src":{"full":false,"thumbnail":false,"medium":false,"medium_large":false,"large":false,"1536x1536":false,"2048x2048":false,"lifterlms_certificate_background":false,"llms_notification_icon":false},"uagb_author_info":{"display_name":"Marcelo S.Petraglia","author_link":"https:\/\/marcelopetraglia.com.br\/?author=2"},"uagb_comment_info":0,"uagb_excerpt":"Nesta entrevista ao programa de TV P\u00edlulas de Sa\u00fade Marcelo S. Petraglia fala sobre Ecologia Sonora e diversos outros temas ligados \u00e0 m\u00fasica, sa\u00fade e desenvolvimento humano.","coauthors":[],"tax_additional":{"categories":{"linked":["<a href=\"https:\/\/marcelopetraglia.com.br\/?cat=3\" class=\"advgb-post-tax-term\">midia<\/a>"],"unlinked":["<span class=\"advgb-post-tax-term\">midia<\/span>"]}},"comment_count":"0","relative_dates":{"created":"Publicado 11 anos atr\u00e1s","modified":"Atualizado 3 anos atr\u00e1s"},"absolute_dates":{"created":"Publicado em 12\/06\/2015","modified":"Atualizado em 27\/08\/2023"},"absolute_dates_time":{"created":"Publicado em 12\/06\/2015 02:56","modified":"Atualizado em 27\/08\/2023 22:26"},"featured_img_caption":"","series_order":"","_links":{"self":[{"href":"https:\/\/marcelopetraglia.com.br\/index.php?rest_route=\/wp\/v2\/posts\/122","targetHints":{"allow":["GET"]}}],"collection":[{"href":"https:\/\/marcelopetraglia.com.br\/index.php?rest_route=\/wp\/v2\/posts"}],"about":[{"href":"https:\/\/marcelopetraglia.com.br\/index.php?rest_route=\/wp\/v2\/types\/post"}],"author":[{"embeddable":true,"href":"https:\/\/marcelopetraglia.com.br\/index.php?rest_route=\/wp\/v2\/users\/2"}],"replies":[{"embeddable":true,"href":"https:\/\/marcelopetraglia.com.br\/index.php?rest_route=%2Fwp%2Fv2%2Fcomments&post=122"}],"version-history":[{"count":3,"href":"https:\/\/marcelopetraglia.com.br\/index.php?rest_route=\/wp\/v2\/posts\/122\/revisions"}],"predecessor-version":[{"id":4989,"href":"https:\/\/marcelopetraglia.com.br\/index.php?rest_route=\/wp\/v2\/posts\/122\/revisions\/4989"}],"wp:attachment":[{"href":"https:\/\/marcelopetraglia.com.br\/index.php?rest_route=%2Fwp%2Fv2%2Fmedia&parent=122"}],"wp:term":[{"taxonomy":"category","embeddable":true,"href":"https:\/\/marcelopetraglia.com.br\/index.php?rest_route=%2Fwp%2Fv2%2Fcategories&post=122"},{"taxonomy":"post_tag","embeddable":true,"href":"https:\/\/marcelopetraglia.com.br\/index.php?rest_route=%2Fwp%2Fv2%2Ftags&post=122"}],"curies":[{"name":"wp","href":"https:\/\/api.w.org\/{rel}","templated":true}]}}