{"id":1248,"date":"2022-04-10T02:17:37","date_gmt":"2022-04-10T02:17:37","guid":{"rendered":"https:\/\/marcelopetraglia.com.br\/?p=1248"},"modified":"2025-02-02T18:52:48","modified_gmt":"2025-02-02T18:52:48","slug":"programa-de-estudo-para-o-uso-terapeutico-da-mesa-lira-e-dos-tubos-sonoros","status":"publish","type":"post","link":"https:\/\/marcelopetraglia.com.br\/?p=1248","title":{"rendered":"programa de estudo para o uso terap\u00eautico da  Mesa Lira e dos Tubos Sonoros"},"content":{"rendered":"<table width=\"\" cellspacing=\"0\" cellpadding=\"0\" border=\"0\">\n<tbody>\n<tr>\n<td width=\"75%\" valign=\"top\" align=\"left\">\n<p><img decoding=\"async\" src=\"http:\/\/www.marcelopetraglia.com.br\/mp_imagem\/md19_ml-tb.jpg\" alt=\"\" \/><\/p>\n<p style=\"text-align: justify;\"><strong>Apresenta\u00e7\u00e3o<\/strong><br \/>\nA busca de novas ferramentas e abordagens para a atua\u00e7\u00e3o com o som em processos terap\u00eauticos nos levou a mais de 15 anos a conhecer e iniciar uma pesquisa com a Mesa Lira e os Tubos Sonoros. Estes instrumentos est\u00e3o sendo hoje utilizados por diversos terapeutas no Brasil, na Europa e nos Estados Unidos e tem-se conseguido com eles atender pacientes em um leque bastante amplo de situa\u00e7\u00f5es e patologias. Por ser esta uma abordagem vibracional, bastante nova, com pouca pesquisa e documenta\u00e7\u00e3o, achamos importante divulgar seus fundamentos, nossas descobertas e o vasto campo de pesquisa que este trabalho oferece.<\/p>\n<table width=\"75%\" cellspacing=\"0\" cellpadding=\"0\" border=\"0\">\n<tbody>\n<tr>\n<td width=\"\" valign=\"top\" align=\"left\">\n<p><iframe loading=\"lazy\" src=\"\/\/www.youtube.com\/embed\/LW3TUQCs8hM\" width=\"500\" height=\"375\" frameborder=\"0\" allowfullscreen=\"allowfullscreen\"><\/iframe><\/p>\n<\/td>\n<td width=\"25%\" valign=\"top\" align=\"left\">\n&nbsp;<br \/>\n<\/tr>\n<\/tbody>\n<\/table>\n<p><strong>Este programa de estudos esta organizado em 3 Fases e tem como objetivos:<\/strong><\/p>\n<ul>\n<li>Apresentar o trabalho com a Mesa lira e os Tubos Sonoros.<\/li>\n<li>Dar subs\u00eddios e orienta\u00e7\u00e3o para terapeutas atuarem com a Mesa lira e os Tubos Sonoros<\/li>\n<\/ul>\n<p>&nbsp;<\/p>\n<hr \/>\n<h4><strong>Fase 1 \u2013 Fundamentos para o trabalho com a ML &amp; TS<\/strong><\/h4>\n<p>In\u00edcio da pr\u00f3xima turma: 21 de outubro 2021<\/p>\n<p><strong><a href=\"https:\/\/ouvirativo.com.br\/?p=3748\">Veja aqui informa\u00e7\u00f5es completas desta fase do programa<\/a><\/strong><\/p>\n<p><strong>Objetivo:<\/strong><\/p>\n<ul>\n<li>Oferecer uma vis\u00e3o sobre os fundamentos e a pr\u00e1tica do processo terap\u00eautico com a ML &amp; TS.<\/li>\n<li>Dar indica\u00e7\u00f5es (e contraindica\u00e7\u00f5es) para o uso terap\u00eautico da ML &amp; TS.<\/li>\n<\/ul>\n<p><strong>Formato:<\/strong> EAD utilizando a plataforma do IOA EAD (Moodle) e 4 encontros online.<br \/>\n<strong>Dura\u00e7\u00e3o:<\/strong> 4 semanas<br \/>\n<strong>Publico alvo:<\/strong> M\u00fasicos, Musicoterapeutas, Terapeutas em geral e todos aqueles que tem interesse nos aspectos sutis da rela\u00e7\u00e3o entre o som e o ser humano.<\/p>\n<hr \/>\n<h4><strong>Fase 2 \u2013 Viv\u00eancia e aprofundamento do trabalho com a ML &amp; TS<\/strong><\/h4>\n<p>Pr\u00f3xima turma: 18 e 19 de setembro 2021<\/p>\n<p><strong><a href=\"https:\/\/ouvirativo.com.br\/?p=3752\">Veja aqui informa\u00e7\u00f5es completas desta fase do programa<\/a><\/strong><\/p>\n<p><strong>Objetivo:<\/strong><\/p>\n<ul>\n<li>Propiciar aos participantes a possibilidade de vivenciar os efeitos dos instrumentos (tanto como paciente quanto como terapeuta)<\/li>\n<li>Aprimorar a consci\u00eancia sobre a a\u00e7\u00e3o dos ritmos, intensidades e estrutura composicional do tocar terap\u00eautico.<\/li>\n<\/ul>\n<p><strong>Formato:<\/strong> Presencial em grupo.<br \/>\n<strong>Carga hor\u00e1ria:<\/strong> Encontro intensivo com 9h de atividade.<br \/>\n<strong>Publico alvo:<\/strong> Participantes da Fase 1 ou que j\u00e1 tenham cursado a oficina anteriormente.<\/p>\n<hr \/>\n<h4><strong>Fase 3 &#8211; Orienta\u00e7\u00e3o e supervis\u00e3o de atendimentos <\/strong><\/h4>\n<p><strong><a href=\"https:\/\/ouvirativo.com.br\/?p=3762\">Veja aqui mais informa\u00e7\u00f5es sobre fase do programa<\/a><\/strong><\/p>\n<p><strong>Objetivo:<\/strong><\/p>\n<ul>\n<li>Avaliar procedimentos terap\u00eauticos.<\/li>\n<li>Oferecer orienta\u00e7\u00e3o sobre casos espec\u00edficos trazidos pelo participante.<\/li>\n<li>Aprimorar a t\u00e9cnica dos instrumentos.<\/li>\n<li>Troca de experi\u00eancias<\/li>\n<\/ul>\n<p><strong>Formato:<\/strong> Para grupos ou terapeutas individuais &#8211; presencial ou por teleconfer\u00eancia.<br \/>\n<strong>Condi\u00e7\u00f5es gerais:<\/strong><\/p>\n<p>Local, data, carga hor\u00e1ria e valores, ser\u00e3o definidos caso a caso em comum acordo entre o(s) solicitante(s) e os docentes.<br \/>\n<strong>Publico alvo:<\/strong> Todos aqueles que participaram das Fases 1 e 2 ou que tenham cursado a oficina anteriormente, que estejam atuando terapeuticamente com a ML &amp; TS.<\/p>\n<hr \/>\n<p>&nbsp;<\/p>\n<\/td>\n<td width=\"25%\" valign=\"top\" align=\"left\">\n&nbsp;<br \/>\n<\/tr>\n<\/tbody>\n<\/table>\n","protected":false},"excerpt":{"rendered":"<p>Apresenta\u00e7\u00e3o A busca de novas ferramentas e abordagens para a atua\u00e7\u00e3o com o som em processos terap\u00eauticos nos levou a mais de 15 anos a conhecer e iniciar uma pesquisa com a Mesa Lira e os Tubos Sonoros. Estes instrumentos est\u00e3o sendo hoje utilizados por diversos terapeutas no Brasil, na Europa e nos Estados Unidos [&hellip;]<\/p>\n","protected":false},"author":2,"featured_media":0,"comment_status":"closed","ping_status":"open","sticky":false,"template":"","format":"standard","meta":{"_uag_custom_page_level_css":"","advgb_blocks_editor_width":"","advgb_blocks_columns_visual_guide":"","site-sidebar-layout":"default","site-content-layout":"","ast-site-content-layout":"default","site-content-style":"default","site-sidebar-style":"default","ast-global-header-display":"","ast-banner-title-visibility":"","ast-main-header-display":"","ast-hfb-above-header-display":"","ast-hfb-below-header-display":"","ast-hfb-mobile-header-display":"","site-post-title":"","ast-breadcrumbs-content":"","ast-featured-img":"","footer-sml-layout":"","ast-disable-related-posts":"","theme-transparent-header-meta":"","adv-header-id-meta":"","stick-header-meta":"","header-above-stick-meta":"","header-main-stick-meta":"","header-below-stick-meta":"","astra-migrate-meta-layouts":"default","ast-page-background-enabled":"default","ast-page-background-meta":{"desktop":{"background-color":"var(--ast-global-color-4)","background-image":"","background-repeat":"repeat","background-position":"center center","background-size":"auto","background-attachment":"scroll","background-type":"","background-media":"","overlay-type":"","overlay-color":"","overlay-opacity":"","overlay-gradient":""},"tablet":{"background-color":"","background-image":"","background-repeat":"repeat","background-position":"center center","background-size":"auto","background-attachment":"scroll","background-type":"","background-media":"","overlay-type":"","overlay-color":"","overlay-opacity":"","overlay-gradient":""},"mobile":{"background-color":"","background-image":"","background-repeat":"repeat","background-position":"center center","background-size":"auto","background-attachment":"scroll","background-type":"","background-media":"","overlay-type":"","overlay-color":"","overlay-opacity":"","overlay-gradient":""}},"ast-content-background-meta":{"desktop":{"background-color":"var(--ast-global-color-5)","background-image":"","background-repeat":"repeat","background-position":"center center","background-size":"auto","background-attachment":"scroll","background-type":"","background-media":"","overlay-type":"","overlay-color":"","overlay-opacity":"","overlay-gradient":""},"tablet":{"background-color":"var(--ast-global-color-5)","background-image":"","background-repeat":"repeat","background-position":"center center","background-size":"auto","background-attachment":"scroll","background-type":"","background-media":"","overlay-type":"","overlay-color":"","overlay-opacity":"","overlay-gradient":""},"mobile":{"background-color":"var(--ast-global-color-5)","background-image":"","background-repeat":"repeat","background-position":"center center","background-size":"auto","background-attachment":"scroll","background-type":"","background-media":"","overlay-type":"","overlay-color":"","overlay-opacity":"","overlay-gradient":""}},"pgc_sgb_lightbox_settings":"","footnotes":""},"categories":[15],"tags":[],"class_list":["post-1248","post","type-post","status-publish","format-standard","hentry","category-cursogeral"],"author_meta":{"display_name":"Marcelo S.Petraglia","author_link":"https:\/\/marcelopetraglia.com.br\/?author=2"},"featured_img":null,"uagb_featured_image_src":{"full":false,"thumbnail":false,"medium":false,"medium_large":false,"large":false,"1536x1536":false,"2048x2048":false,"lifterlms_certificate_background":false,"llms_notification_icon":false},"uagb_author_info":{"display_name":"Marcelo S.Petraglia","author_link":"https:\/\/marcelopetraglia.com.br\/?author=2"},"uagb_comment_info":0,"uagb_excerpt":"Apresenta\u00e7\u00e3o A busca de novas ferramentas e abordagens para a atua\u00e7\u00e3o com o som em processos terap\u00eauticos nos levou a mais de 15 anos a conhecer e iniciar uma pesquisa com a Mesa Lira e os Tubos Sonoros. Estes instrumentos est\u00e3o sendo hoje utilizados por diversos terapeutas no Brasil, na Europa e nos Estados Unidos&hellip;","coauthors":[],"tax_additional":{"categories":{"linked":["<a href=\"https:\/\/marcelopetraglia.com.br\/?cat=15\" class=\"advgb-post-tax-term\">cursogeral<\/a>"],"unlinked":["<span class=\"advgb-post-tax-term\">cursogeral<\/span>"]}},"comment_count":"0","relative_dates":{"created":"Publicado 4 anos atr\u00e1s","modified":"Atualizado 1 ano atr\u00e1s"},"absolute_dates":{"created":"Publicado em 10\/04\/2022","modified":"Atualizado em 02\/02\/2025"},"absolute_dates_time":{"created":"Publicado em 10\/04\/2022 02:17","modified":"Atualizado em 02\/02\/2025 18:52"},"featured_img_caption":"","series_order":"","_links":{"self":[{"href":"https:\/\/marcelopetraglia.com.br\/index.php?rest_route=\/wp\/v2\/posts\/1248","targetHints":{"allow":["GET"]}}],"collection":[{"href":"https:\/\/marcelopetraglia.com.br\/index.php?rest_route=\/wp\/v2\/posts"}],"about":[{"href":"https:\/\/marcelopetraglia.com.br\/index.php?rest_route=\/wp\/v2\/types\/post"}],"author":[{"embeddable":true,"href":"https:\/\/marcelopetraglia.com.br\/index.php?rest_route=\/wp\/v2\/users\/2"}],"replies":[{"embeddable":true,"href":"https:\/\/marcelopetraglia.com.br\/index.php?rest_route=%2Fwp%2Fv2%2Fcomments&post=1248"}],"version-history":[{"count":1,"href":"https:\/\/marcelopetraglia.com.br\/index.php?rest_route=\/wp\/v2\/posts\/1248\/revisions"}],"predecessor-version":[{"id":6227,"href":"https:\/\/marcelopetraglia.com.br\/index.php?rest_route=\/wp\/v2\/posts\/1248\/revisions\/6227"}],"wp:attachment":[{"href":"https:\/\/marcelopetraglia.com.br\/index.php?rest_route=%2Fwp%2Fv2%2Fmedia&parent=1248"}],"wp:term":[{"taxonomy":"category","embeddable":true,"href":"https:\/\/marcelopetraglia.com.br\/index.php?rest_route=%2Fwp%2Fv2%2Fcategories&post=1248"},{"taxonomy":"post_tag","embeddable":true,"href":"https:\/\/marcelopetraglia.com.br\/index.php?rest_route=%2Fwp%2Fv2%2Ftags&post=1248"}],"curies":[{"name":"wp","href":"https:\/\/api.w.org\/{rel}","templated":true}]}}