{"id":1324,"date":"2022-06-10T20:46:27","date_gmt":"2022-06-10T20:46:27","guid":{"rendered":"https:\/\/marcelopetraglia.com.br\/?p=1324"},"modified":"2022-06-22T00:34:49","modified_gmt":"2022-06-22T00:34:49","slug":"maria-ines-nigro-campos","status":"publish","type":"post","link":"https:\/\/marcelopetraglia.com.br\/?p=1324","title":{"rendered":"Maria In\u00eas Nigro Campos"},"content":{"rendered":"<table border=\"0\" width=\"100%\" cellspacing=\"0\" cellpadding=\"0\">\n<tbody>\n<tr>\n<td valign=\"top\" width=\"170\"><img decoding=\"async\" src=\"http:\/\/www.marcelopetraglia.com.br\/mp_imagem\/ines_3x4.jpg\" alt=\"\" \/><\/td>\n<td valign=\"top\">\nDesigner como forma\u00e7\u00e3o acad\u00eamica, mas tendo a m\u00fasica sempre presente em sua biografia, especializou-se em Musicoterapia e formou-se em Cantoterapia pela Escola do Desvendar da Voz.<\/p>\n<p>Atua profissionalmente no Espa\u00e7o Sofia, com grupos terap\u00eauticos e em atendimentos individuais, e trabalha com crian\u00e7as, jovens e adultos com defici\u00eancias, na Associa\u00e7\u00e3o Beneficente Parsifal e em consult\u00f3rio particular. \u00c9 coordenadora da atividade de m\u00fasica nos cursos de forma\u00e7\u00e3o em Educa\u00e7\u00e3o Terap\u00eautica em S\u00e3o Paulo e Campinas.  <\/p>\n<p>Seu instrumento principal \u00e9 a Lira, tendo participado de Congressos na Alemanha, EUA, Irlanda e Su\u00e9cia e Holanda. \u00c9 organizadora e docente no <a href=\"https:\/\/marcelopetraglia.com.br\/?page_id=1427\">Programa de estudo para o uso terap\u00eautico da Mesa Lira e dos Tubos Sonoros<\/a>. <\/p>\n<p><a name=\"meca\"><\/a><a href=\"https:\/\/inesnigro.com.br\/\" target=\"_blank\" rel=\"noopener noreferrer\">inesnigro.com.br<\/a><\/td>\n<\/tr>\n<\/tbody>\n<\/table>\n","protected":false},"excerpt":{"rendered":"<p>Designer como forma\u00e7\u00e3o acad\u00eamica, mas tendo a m\u00fasica sempre presente em sua biografia, especializou-se em Musicoterapia e formou-se em Cantoterapia pela Escola do Desvendar da Voz. Atua profissionalmente no Espa\u00e7o Sofia, com grupos terap\u00eauticos e em atendimentos individuais, e trabalha com crian\u00e7as, jovens e adultos com defici\u00eancias, na Associa\u00e7\u00e3o Beneficente Parsifal e em consult\u00f3rio particular. [&hellip;]<\/p>\n","protected":false},"author":2,"featured_media":0,"comment_status":"closed","ping_status":"open","sticky":false,"template":"","format":"standard","meta":{"_uag_custom_page_level_css":"","advgb_blocks_editor_width":"","advgb_blocks_columns_visual_guide":"","site-sidebar-layout":"default","site-content-layout":"","ast-site-content-layout":"default","site-content-style":"default","site-sidebar-style":"default","ast-global-header-display":"","ast-banner-title-visibility":"","ast-main-header-display":"","ast-hfb-above-header-display":"","ast-hfb-below-header-display":"","ast-hfb-mobile-header-display":"","site-post-title":"","ast-breadcrumbs-content":"","ast-featured-img":"","footer-sml-layout":"","ast-disable-related-posts":"","theme-transparent-header-meta":"","adv-header-id-meta":"","stick-header-meta":"","header-above-stick-meta":"","header-main-stick-meta":"","header-below-stick-meta":"","astra-migrate-meta-layouts":"default","ast-page-background-enabled":"default","ast-page-background-meta":{"desktop":{"background-color":"var(--ast-global-color-4)","background-image":"","background-repeat":"repeat","background-position":"center center","background-size":"auto","background-attachment":"scroll","background-type":"","background-media":"","overlay-type":"","overlay-color":"","overlay-opacity":"","overlay-gradient":""},"tablet":{"background-color":"","background-image":"","background-repeat":"repeat","background-position":"center center","background-size":"auto","background-attachment":"scroll","background-type":"","background-media":"","overlay-type":"","overlay-color":"","overlay-opacity":"","overlay-gradient":""},"mobile":{"background-color":"","background-image":"","background-repeat":"repeat","background-position":"center center","background-size":"auto","background-attachment":"scroll","background-type":"","background-media":"","overlay-type":"","overlay-color":"","overlay-opacity":"","overlay-gradient":""}},"ast-content-background-meta":{"desktop":{"background-color":"var(--ast-global-color-5)","background-image":"","background-repeat":"repeat","background-position":"center center","background-size":"auto","background-attachment":"scroll","background-type":"","background-media":"","overlay-type":"","overlay-color":"","overlay-opacity":"","overlay-gradient":""},"tablet":{"background-color":"var(--ast-global-color-5)","background-image":"","background-repeat":"repeat","background-position":"center center","background-size":"auto","background-attachment":"scroll","background-type":"","background-media":"","overlay-type":"","overlay-color":"","overlay-opacity":"","overlay-gradient":""},"mobile":{"background-color":"var(--ast-global-color-5)","background-image":"","background-repeat":"repeat","background-position":"center center","background-size":"auto","background-attachment":"scroll","background-type":"","background-media":"","overlay-type":"","overlay-color":"","overlay-opacity":"","overlay-gradient":""}},"pgc_sgb_lightbox_settings":"","footnotes":""},"categories":[16],"tags":[],"class_list":["post-1324","post","type-post","status-publish","format-standard","hentry","category-parceiros"],"author_meta":{"display_name":"Marcelo S.Petraglia","author_link":"https:\/\/marcelopetraglia.com.br\/?author=2"},"featured_img":null,"uagb_featured_image_src":{"full":false,"thumbnail":false,"medium":false,"medium_large":false,"large":false,"1536x1536":false,"2048x2048":false,"lifterlms_certificate_background":false,"llms_notification_icon":false},"uagb_author_info":{"display_name":"Marcelo S.Petraglia","author_link":"https:\/\/marcelopetraglia.com.br\/?author=2"},"uagb_comment_info":0,"uagb_excerpt":"Designer como forma\u00e7\u00e3o acad\u00eamica, mas tendo a m\u00fasica sempre presente em sua biografia, especializou-se em Musicoterapia e formou-se em Cantoterapia pela Escola do Desvendar da Voz. Atua profissionalmente no Espa\u00e7o Sofia, com grupos terap\u00eauticos e em atendimentos individuais, e trabalha com crian\u00e7as, jovens e adultos com defici\u00eancias, na Associa\u00e7\u00e3o Beneficente Parsifal e em consult\u00f3rio particular.&hellip;","coauthors":[],"tax_additional":{"categories":{"linked":["<a href=\"https:\/\/marcelopetraglia.com.br\/?cat=16\" class=\"advgb-post-tax-term\">parceiros<\/a>"],"unlinked":["<span class=\"advgb-post-tax-term\">parceiros<\/span>"]}},"comment_count":"0","relative_dates":{"created":"Publicado 4 anos atr\u00e1s","modified":"Atualizado 4 anos atr\u00e1s"},"absolute_dates":{"created":"Publicado em 10\/06\/2022","modified":"Atualizado em 22\/06\/2022"},"absolute_dates_time":{"created":"Publicado em 10\/06\/2022 20:46","modified":"Atualizado em 22\/06\/2022 00:34"},"featured_img_caption":"","series_order":"","_links":{"self":[{"href":"https:\/\/marcelopetraglia.com.br\/index.php?rest_route=\/wp\/v2\/posts\/1324","targetHints":{"allow":["GET"]}}],"collection":[{"href":"https:\/\/marcelopetraglia.com.br\/index.php?rest_route=\/wp\/v2\/posts"}],"about":[{"href":"https:\/\/marcelopetraglia.com.br\/index.php?rest_route=\/wp\/v2\/types\/post"}],"author":[{"embeddable":true,"href":"https:\/\/marcelopetraglia.com.br\/index.php?rest_route=\/wp\/v2\/users\/2"}],"replies":[{"embeddable":true,"href":"https:\/\/marcelopetraglia.com.br\/index.php?rest_route=%2Fwp%2Fv2%2Fcomments&post=1324"}],"version-history":[{"count":4,"href":"https:\/\/marcelopetraglia.com.br\/index.php?rest_route=\/wp\/v2\/posts\/1324\/revisions"}],"predecessor-version":[{"id":1676,"href":"https:\/\/marcelopetraglia.com.br\/index.php?rest_route=\/wp\/v2\/posts\/1324\/revisions\/1676"}],"wp:attachment":[{"href":"https:\/\/marcelopetraglia.com.br\/index.php?rest_route=%2Fwp%2Fv2%2Fmedia&parent=1324"}],"wp:term":[{"taxonomy":"category","embeddable":true,"href":"https:\/\/marcelopetraglia.com.br\/index.php?rest_route=%2Fwp%2Fv2%2Fcategories&post=1324"},{"taxonomy":"post_tag","embeddable":true,"href":"https:\/\/marcelopetraglia.com.br\/index.php?rest_route=%2Fwp%2Fv2%2Ftags&post=1324"}],"curies":[{"name":"wp","href":"https:\/\/api.w.org\/{rel}","templated":true}]}}