{"id":1612,"date":"2022-06-16T19:42:34","date_gmt":"2022-06-16T19:42:34","guid":{"rendered":"https:\/\/marcelopetraglia.com.br\/?p=1612"},"modified":"2026-03-18T16:45:41","modified_gmt":"2026-03-18T16:45:41","slug":"midias","status":"publish","type":"post","link":"https:\/\/marcelopetraglia.com.br\/?p=1612","title":{"rendered":"midias"},"content":{"rendered":"\n<h3 class=\"wp-block-heading\">entrevistas, &#8220;lives&#8221; &amp; afins<\/h3>\n\n\n\n<hr class=\"wp-block-separator has-alpha-channel-opacity is-style-wide\"\/>\n\n\n\n<figure class=\"wp-block-embed is-type-video is-provider-youtube wp-block-embed-youtube wp-embed-aspect-16-9 wp-has-aspect-ratio\"><div class=\"wp-block-embed__wrapper\">\n<iframe loading=\"lazy\" title=\"La vivencia del tono en el ser humano, GA283, con Marcelo Petraglia\" width=\"500\" height=\"281\" src=\"https:\/\/www.youtube.com\/embed\/BuMDXbR1ygI?start=26&#038;feature=oembed\" frameborder=\"0\" allow=\"accelerometer; autoplay; clipboard-write; encrypted-media; gyroscope; picture-in-picture; web-share\" referrerpolicy=\"strict-origin-when-cross-origin\" allowfullscreen><\/iframe>\n<\/div><figcaption class=\"wp-element-caption\">La vivencia del tono en el ser humano, GA283, con Marcelo Petraglia e Ornella Betancourt<\/figcaption><\/figure>\n\n\n\n<hr class=\"wp-block-separator has-alpha-channel-opacity is-style-wide\"\/>\n\n\n\n<figure class=\"wp-block-embed is-type-video is-provider-youtube wp-block-embed-youtube wp-embed-aspect-16-9 wp-has-aspect-ratio\"><div class=\"wp-block-embed__wrapper\">\n<iframe loading=\"lazy\" title=\"X_FITAP - Cia Terranova\" width=\"500\" height=\"281\" src=\"https:\/\/www.youtube.com\/embed\/i_De1_HTt88?start=184&#038;feature=oembed\" frameborder=\"0\" allow=\"accelerometer; autoplay; clipboard-write; encrypted-media; gyroscope; picture-in-picture; web-share\" referrerpolicy=\"strict-origin-when-cross-origin\" allowfullscreen><\/iframe>\n<\/div><\/figure>\n\n\n\n<p>Euritmia e m\u00fasica no <strong>X Festival de Teatro e Artes Perfomativas<\/strong><br><\/p>\n\n\n\n<hr class=\"wp-block-separator has-alpha-channel-opacity is-style-wide\"\/>\n\n\n\n<figure class=\"wp-block-embed is-type-video is-provider-youtube wp-block-embed-youtube wp-embed-aspect-16-9 wp-has-aspect-ratio\"><div class=\"wp-block-embed__wrapper\">\n<iframe loading=\"lazy\" title=\"N\u00c3O  EXISTE SER HUMANO SEM M\u00daSICA\" width=\"500\" height=\"281\" src=\"https:\/\/www.youtube.com\/embed\/92Y0t_LsG10?feature=oembed\" frameborder=\"0\" allow=\"accelerometer; autoplay; clipboard-write; encrypted-media; gyroscope; picture-in-picture; web-share\" referrerpolicy=\"strict-origin-when-cross-origin\" allowfullscreen><\/iframe>\n<\/div><\/figure>\n\n\n\n<p>Fala no lan\u00e7amento do livro &#8220;Ambiente de quintas&#8221;<br>(Dispon\u00edvel livraria da na <a href=\"https:\/\/editorajoaodebarro.com.br\/produto\/ambiente-de-quintas-uma-abordagem-musical-para-a-primeira-infancia\/\">Editora Jo\u00e3o de Barro<\/a><\/p>\n\n\n\n<hr class=\"wp-block-separator has-alpha-channel-opacity is-style-wide\"\/>\n\n\n\n<h4 class=\"wp-block-heading\">escuta musical como caminho de conhecimento<\/h4>\n\n\n\n<p>&#8220;live&#8221; para a EWBEM &#8211; Escola Waldorf Berta e Emil Molt, ocorrida em 21 de setembro de 2021<\/p>\n\n\n\n<figure class=\"wp-block-embed is-type-video is-provider-youtube wp-block-embed-youtube wp-embed-aspect-16-9 wp-has-aspect-ratio\"><div class=\"wp-block-embed__wrapper\">\n<iframe loading=\"lazy\" title=\"ESCUTA MUSICAL COMO CAMINHO DE CONHECIMENTO - MARCELO PETRAGLIA\" width=\"500\" height=\"281\" src=\"https:\/\/www.youtube.com\/embed\/8Sy2SXuBiy4?feature=oembed\" frameborder=\"0\" allow=\"accelerometer; autoplay; clipboard-write; encrypted-media; gyroscope; picture-in-picture; web-share\" referrerpolicy=\"strict-origin-when-cross-origin\" allowfullscreen><\/iframe>\n<\/div><\/figure>\n\n\n\n<hr class=\"wp-block-separator has-alpha-channel-opacity is-style-wide\"\/>\n\n\n\n<h4 class=\"wp-block-heading\">M\u00fasica: Presen\u00e7a fundamental no cotidiano Waldorf? &#8211; Po\u00e9tica da Educa\u00e7\u00e3o<\/h4>\n\n\n\n<p>&#8220;live&#8221; em Po\u00e9tica da Educa\u00e7\u00e3o: encontros de reflex\u00e3o<\/p>\n\n\n\n<p><a href=\"https:\/\/www.youtube.com\/watch?v=wldmJUm_lAE\"><strong>ver no youtube<\/strong><\/a><\/p>\n\n\n\n<hr class=\"wp-block-separator has-alpha-channel-opacity is-style-wide\"\/>\n\n\n\n<h4 class=\"wp-block-heading\">As muitas qualidades de uma &#8220;pausa&#8221;<\/h4>\n\n\n\n<p>&#8220;live&#8221; em Gotas Antropos\u00f3ficas oferecida pelo Ecosocial<\/p>\n\n\n\n<figure class=\"wp-block-embed is-type-video is-provider-youtube wp-block-embed-youtube wp-embed-aspect-16-9 wp-has-aspect-ratio\"><div class=\"wp-block-embed__wrapper\">\n<iframe loading=\"lazy\" title=\"Gotas Antropos\u00f3ficas: Marcelo Petraglia\" width=\"500\" height=\"281\" src=\"https:\/\/www.youtube.com\/embed\/kzz4vj-TgOY?feature=oembed\" frameborder=\"0\" allow=\"accelerometer; autoplay; clipboard-write; encrypted-media; gyroscope; picture-in-picture; web-share\" referrerpolicy=\"strict-origin-when-cross-origin\" allowfullscreen><\/iframe>\n<\/div><\/figure>\n\n\n\n<hr class=\"wp-block-separator has-alpha-channel-opacity is-style-wide\"\/>\n\n\n\n<h4 class=\"wp-block-heading\">Conversa com Ornella Betancourt<\/h4>\n\n\n\n<figure class=\"wp-block-embed is-type-video is-provider-youtube wp-block-embed-youtube wp-embed-aspect-16-9 wp-has-aspect-ratio\"><div class=\"wp-block-embed__wrapper\">\n<iframe loading=\"lazy\" title=\"Marcelo Petraglia Reflexiones Musicales #pedagogiamusicalwaldorf #m\u00fasicayantroposof\u00eda #waldorf\" width=\"500\" height=\"281\" src=\"https:\/\/www.youtube.com\/embed\/7WsDZbFtx_A?feature=oembed\" frameborder=\"0\" allow=\"accelerometer; autoplay; clipboard-write; encrypted-media; gyroscope; picture-in-picture; web-share\" referrerpolicy=\"strict-origin-when-cross-origin\" allowfullscreen><\/iframe>\n<\/div><\/figure>\n\n\n\n<hr class=\"wp-block-separator has-alpha-channel-opacity is-style-wide\"\/>\n\n\n\n<h4 class=\"wp-block-heading\">entrevista ao canal MultiRio &#8211; programa Conceito &amp; A\u00e7\u00e3o<\/h4>\n\n\n\n<p>O homem e a m\u00fasica<br>Todos os sons deixam sua marca no ser humano, especialmente a m\u00fasica. Sua import\u00e2ncia no lazer e na sa\u00fade. Os benef\u00edcios da musicoterapia. Convidado: Marcelo Petraglia, m\u00fasico e pesquisador.<\/p>\n\n\n\n<p><a href=\"http:\/\/multirio.rio.rj.gov.br\/index.php\/assista\/tv\/7313-o-homem-e-a-m%C3%BAsica\"><strong>assitir aqui<\/strong><\/a><\/p>\n\n\n\n<hr class=\"wp-block-separator has-alpha-channel-opacity is-style-wide\"\/>\n\n\n\n<h4 class=\"wp-block-heading\">entrevista no programa &#8220;como ser\u00e1?&#8221;<\/h4>\n\n\n\n<p>O tema \u00e9: &#8220;O poder da m\u00fasica&#8221;<br>Veja quais s\u00e3o os benef\u00edcios que a m\u00fasica pode proporcionar a voc\u00ea.<\/p>\n\n\n\n<figure class=\"wp-block-image is-resized\"><img decoding=\"async\" src=\"http:\/\/www.marcelopetraglia.com.br\/mp_imagem\/como_sera.png\" alt=\"\" style=\"width:1099px;height:auto\"\/><\/figure>\n\n\n\n<p><a href=\"http:\/\/glo.bo\/1UieHJa\"><br><\/a><\/p>\n\n\n\n<p>assistir em <a href=\"http:\/\/glo.bo\/1UieHJa\"><strong>G1.GLOBO.COM<\/strong><\/a><\/p>\n\n\n\n<hr class=\"wp-block-separator has-alpha-channel-opacity is-style-wide\"\/>\n\n\n\n<h4 class=\"wp-block-heading\">entrevista no programa P\u00edlulas de Sa\u00fade<\/h4>\n\n\n\n<p>1 &#8211; O que \u00e9 Ecologia Sonora?<\/p>\n\n\n\n<figure class=\"wp-block-embed is-type-video is-provider-youtube wp-block-embed-youtube wp-embed-aspect-4-3 wp-has-aspect-ratio\"><div class=\"wp-block-embed__wrapper\">\n<iframe loading=\"lazy\" title=\"O que \u00e9 Ecologia Sonora? - Entrevista Marcelo Petraglia parte 1\" width=\"500\" height=\"375\" src=\"https:\/\/www.youtube.com\/embed\/u5x8d7PnkJE?feature=oembed\" frameborder=\"0\" allow=\"accelerometer; autoplay; clipboard-write; encrypted-media; gyroscope; picture-in-picture; web-share\" referrerpolicy=\"strict-origin-when-cross-origin\" allowfullscreen><\/iframe>\n<\/div><\/figure>\n\n\n\n<p>Clique <a href=\"https:\/\/marcelopetraglia.com.br\/?p=122\"><strong>aqui<\/strong><\/a> para assistir todos os demais t\u00f3picos desta s\u00e9rie.<br>2 &#8211; O que \u00e9 Polui\u00e7\u00e3o Sonora?<br>3 &#8211; Qual a import\u00e2ncia do Sil\u00eancio para o Sono?<br>4 &#8211; O Sil\u00eancio Incomoda?<br>5 &#8211; A M\u00fasica pode Alterar a Consci\u00eancia?<br>6 &#8211; Quais os Perigos do Fone do Ouvido?<br>7 &#8211; Uso de Fone de Ouvido pode Gerar Irrita\u00e7\u00e3o ou Stress?<br>8 &#8211; A M\u00fasica pode Criar um Distanciamento com a Realidade?<br>9 &#8211; Excesso de Informa\u00e7\u00e3o Auditiva gera Problemas de Aten\u00e7\u00e3o?<br>10 &#8211; Como Lidar com os Sons de Maneira mais Consciente?<br>11 &#8211; Todos n\u00f3s Somos M\u00fasicos?<br>12 &#8211; Como a M\u00fasica Revela Nossa Individualidade?<br>13 &#8211; A M\u00fasica \u00e9 uma Ferramenta de Transforma\u00e7\u00e3o Interior?<br>14 &#8211; A M\u00fasica Reflete Parte da Nossa Personalidade?<br>15 &#8211; Como a M\u00fasica Ajuda no Desenvolvimento da Inteligencia?<br>16 &#8211; M\u00fasicas para Beb\u00eas Ajudam no Desenvolvimento?<\/p>\n\n\n\n<hr class=\"wp-block-separator has-alpha-channel-opacity is-style-wide\"\/>\n\n\n\n<h4 class=\"wp-block-heading\">entrevista no programa Expresso 104.5 &#8211; Radio UFMG Educativa em 10\/09\/2010<\/h4>\n\n\n\n<p>ouvir <a class=\"wpaudio\" href=\"http:\/\/www.marcelopetraglia.com.br\/mp_audio\/msh_bh.mp3\">entrevista radio UFMG<\/a><\/p>\n\n\n\n<hr class=\"wp-block-separator has-alpha-channel-opacity is-style-wide\"\/>\n\n\n\n<h4 class=\"wp-block-heading\">entrevista no programa Caminhos Alternativos &#8211; R\u00e1dio CBN<\/h4>\n\n\n\n<p>ou\u00e7a a entrevista de Marcelo Petraglia e Roberta Helena sobre musicoterapia no programa &#8220;Caminhos Alternativos&#8221; &#8211; Radio CBN.<\/p>\n\n\n\n<p>ouvir <a class=\"wpaudio\" href=\"http:\/\/www.marcelopetraglia.com.br\/mp_audio\/entrevista_cbn.mp3\">entrevista radio cbn<\/a><\/p>\n\n\n\n<hr class=\"wp-block-separator has-alpha-channel-opacity is-style-wide\"\/>\n","protected":false},"excerpt":{"rendered":"<p>entrevistas, &#8220;lives&#8221; &amp; afins Euritmia e m\u00fasica no X Festival de Teatro e Artes Perfomativas Fala no lan\u00e7amento do livro &#8220;Ambiente de quintas&#8221;(Dispon\u00edvel livraria da na Editora Jo\u00e3o de Barro escuta musical como caminho de conhecimento &#8220;live&#8221; para a EWBEM &#8211; Escola Waldorf Berta e Emil Molt, ocorrida em 21 de setembro de 2021 M\u00fasica: [&hellip;]<\/p>\n","protected":false},"author":2,"featured_media":0,"comment_status":"closed","ping_status":"closed","sticky":false,"template":"","format":"standard","meta":{"_uag_custom_page_level_css":"","advgb_blocks_editor_width":"","advgb_blocks_columns_visual_guide":"","site-sidebar-layout":"right-sidebar","site-content-layout":"","ast-site-content-layout":"default","site-content-style":"default","site-sidebar-style":"default","ast-global-header-display":"","ast-banner-title-visibility":"","ast-main-header-display":"","ast-hfb-above-header-display":"","ast-hfb-below-header-display":"","ast-hfb-mobile-header-display":"","site-post-title":"","ast-breadcrumbs-content":"","ast-featured-img":"","footer-sml-layout":"","ast-disable-related-posts":"","theme-transparent-header-meta":"","adv-header-id-meta":"","stick-header-meta":"","header-above-stick-meta":"","header-main-stick-meta":"","header-below-stick-meta":"","astra-migrate-meta-layouts":"set","ast-page-background-enabled":"default","ast-page-background-meta":{"desktop":{"background-color":"var(--ast-global-color-4)","background-image":"","background-repeat":"repeat","background-position":"center center","background-size":"auto","background-attachment":"scroll","background-type":"","background-media":"","overlay-type":"","overlay-color":"","overlay-opacity":"","overlay-gradient":""},"tablet":{"background-color":"","background-image":"","background-repeat":"repeat","background-position":"center center","background-size":"auto","background-attachment":"scroll","background-type":"","background-media":"","overlay-type":"","overlay-color":"","overlay-opacity":"","overlay-gradient":""},"mobile":{"background-color":"","background-image":"","background-repeat":"repeat","background-position":"center center","background-size":"auto","background-attachment":"scroll","background-type":"","background-media":"","overlay-type":"","overlay-color":"","overlay-opacity":"","overlay-gradient":""}},"ast-content-background-meta":{"desktop":{"background-color":"var(--ast-global-color-5)","background-image":"","background-repeat":"repeat","background-position":"center center","background-size":"auto","background-attachment":"scroll","background-type":"","background-media":"","overlay-type":"","overlay-color":"","overlay-opacity":"","overlay-gradient":""},"tablet":{"background-color":"var(--ast-global-color-5)","background-image":"","background-repeat":"repeat","background-position":"center center","background-size":"auto","background-attachment":"scroll","background-type":"","background-media":"","overlay-type":"","overlay-color":"","overlay-opacity":"","overlay-gradient":""},"mobile":{"background-color":"var(--ast-global-color-5)","background-image":"","background-repeat":"repeat","background-position":"center center","background-size":"auto","background-attachment":"scroll","background-type":"","background-media":"","overlay-type":"","overlay-color":"","overlay-opacity":"","overlay-gradient":""}},"pgc_sgb_lightbox_settings":"","footnotes":""},"categories":[3],"tags":[],"class_list":["post-1612","post","type-post","status-publish","format-standard","hentry","category-midia"],"author_meta":{"display_name":"Marcelo S.Petraglia","author_link":"https:\/\/marcelopetraglia.com.br\/?author=2"},"featured_img":null,"uagb_featured_image_src":{"full":false,"thumbnail":false,"medium":false,"medium_large":false,"large":false,"1536x1536":false,"2048x2048":false,"lifterlms_certificate_background":false,"llms_notification_icon":false},"uagb_author_info":{"display_name":"Marcelo S.Petraglia","author_link":"https:\/\/marcelopetraglia.com.br\/?author=2"},"uagb_comment_info":0,"uagb_excerpt":"entrevistas, &#8220;lives&#8221; &amp; afins Euritmia e m\u00fasica no X Festival de Teatro e Artes Perfomativas Fala no lan\u00e7amento do livro &#8220;Ambiente de quintas&#8221;(Dispon\u00edvel livraria da na Editora Jo\u00e3o de Barro escuta musical como caminho de conhecimento &#8220;live&#8221; para a EWBEM &#8211; Escola Waldorf Berta e Emil Molt, ocorrida em 21 de setembro de 2021 M\u00fasica:&hellip;","coauthors":[],"tax_additional":{"categories":{"linked":["<a href=\"https:\/\/marcelopetraglia.com.br\/?cat=3\" class=\"advgb-post-tax-term\">midia<\/a>"],"unlinked":["<span class=\"advgb-post-tax-term\">midia<\/span>"]}},"comment_count":"0","relative_dates":{"created":"Publicado 4 anos atr\u00e1s","modified":"Atualizado 1 m\u00eas atr\u00e1s"},"absolute_dates":{"created":"Publicado em 16\/06\/2022","modified":"Atualizado em 18\/03\/2026"},"absolute_dates_time":{"created":"Publicado em 16\/06\/2022 19:42","modified":"Atualizado em 18\/03\/2026 16:45"},"featured_img_caption":"","series_order":"","_links":{"self":[{"href":"https:\/\/marcelopetraglia.com.br\/index.php?rest_route=\/wp\/v2\/posts\/1612","targetHints":{"allow":["GET"]}}],"collection":[{"href":"https:\/\/marcelopetraglia.com.br\/index.php?rest_route=\/wp\/v2\/posts"}],"about":[{"href":"https:\/\/marcelopetraglia.com.br\/index.php?rest_route=\/wp\/v2\/types\/post"}],"author":[{"embeddable":true,"href":"https:\/\/marcelopetraglia.com.br\/index.php?rest_route=\/wp\/v2\/users\/2"}],"replies":[{"embeddable":true,"href":"https:\/\/marcelopetraglia.com.br\/index.php?rest_route=%2Fwp%2Fv2%2Fcomments&post=1612"}],"version-history":[{"count":9,"href":"https:\/\/marcelopetraglia.com.br\/index.php?rest_route=\/wp\/v2\/posts\/1612\/revisions"}],"predecessor-version":[{"id":6955,"href":"https:\/\/marcelopetraglia.com.br\/index.php?rest_route=\/wp\/v2\/posts\/1612\/revisions\/6955"}],"wp:attachment":[{"href":"https:\/\/marcelopetraglia.com.br\/index.php?rest_route=%2Fwp%2Fv2%2Fmedia&parent=1612"}],"wp:term":[{"taxonomy":"category","embeddable":true,"href":"https:\/\/marcelopetraglia.com.br\/index.php?rest_route=%2Fwp%2Fv2%2Fcategories&post=1612"},{"taxonomy":"post_tag","embeddable":true,"href":"https:\/\/marcelopetraglia.com.br\/index.php?rest_route=%2Fwp%2Fv2%2Ftags&post=1612"}],"curies":[{"name":"wp","href":"https:\/\/api.w.org\/{rel}","templated":true}]}}