{"id":4987,"date":"2023-08-27T23:19:07","date_gmt":"2023-08-27T23:19:07","guid":{"rendered":"https:\/\/marcelopetraglia.com.br\/?p=4987"},"modified":"2025-02-02T18:58:13","modified_gmt":"2025-02-02T18:58:13","slug":"mapa-do-site","status":"publish","type":"post","link":"https:\/\/marcelopetraglia.com.br\/?p=4987","title":{"rendered":"mapa do site"},"content":{"rendered":"\n<p><a href=\"https:\/\/marcelopetraglia.com.br\/mp\/\">in\u00edcio<\/a><\/p>\n\n\n\n<p><a href=\"https:\/\/marcelopetraglia.com.br\/?page_id=1470\">marcelo<\/a><\/p>\n\n\n\n<details class=\"wp-block-details is-layout-flow wp-block-details-is-layout-flow\"><summary>estudos &amp; atividades<\/summary>\n<ul class=\"wp-block-list\">\n<li><a href=\"https:\/\/marcelopetraglia.com.br\/?page_id=1427\">programa de estudo para o uso terap\u00eautico da mesa lira e dos tubos sonoros<\/a><\/li>\n\n\n\n<li><a href=\"https:\/\/marcelopetraglia.com.br\/?p=4694\">estudo de harmonia<\/a><\/li>\n\n\n\n<li><a href=\"https:\/\/marcelopetraglia.com.br\/?p=1825\">sistemas de afina\u00e7\u00e3o &amp; forma\u00e7\u00e3o de escalas<\/a><\/li>\n\n\n\n<li><a href=\"https:\/\/marcelopetraglia.com.br\/?p=1373\">estudos zuckerkandl<\/a><\/li>\n\n\n\n<li><a href=\"https:\/\/marcelopetraglia.com.br\/?p=1821\">a m\u00fasica como manifesta\u00e7\u00e3o de for\u00e7as tonais e temporais<\/a><\/li>\n\n\n\n<li><a href=\"https:\/\/marcelopetraglia.com.br\/?p=1885\">fundamentos da arte musical<\/a><\/li>\n\n\n\n<li><a href=\"https:\/\/marcelopetraglia.com.br\/?p=1361\">musicolabore<\/a><\/li>\n<\/ul>\n<\/details>\n\n\n\n<p><br><a href=\"https:\/\/marcelopetraglia.com.br\/?page_id=591\">composi\u00e7\u00f5es<\/a><\/p>\n\n\n\n<p><a href=\"https:\/\/marcelopetraglia.com.br\/?p=1211\">instrumentos<\/a><\/p>\n\n\n\n<details class=\"wp-block-details is-layout-flow wp-block-details-is-layout-flow\"><summary>artigos<\/summary>\n<ul class=\"wp-block-list\" id=\"category-posts-3-internal\">\n<li><a href=\"https:\/\/marcelopetraglia.com.br\/?p=971\">victor zuckerkandl \u2013 um garimpo biogr\u00e1fico<\/a><\/li>\n\n\n\n<li><a href=\"https:\/\/marcelopetraglia.com.br\/?p=337\">um olhar integrado sobre os instrumentos musicais<\/a><\/li>\n\n\n\n<li><a href=\"https:\/\/marcelopetraglia.com.br\/?p=314\">o fazer musical na empresa em di\u00e1logo com a musicoterapia<\/a><\/li>\n\n\n\n<li><a href=\"https:\/\/marcelopetraglia.com.br\/?p=291\">o fazer musical como caminho de conhecimento de si e conhecimento do outro no contexto empresarial<\/a><\/li>\n\n\n\n<li><a href=\"https:\/\/marcelopetraglia.com.br\/?p=310\">musicalidade: um atributo humano<\/a><\/li>\n\n\n\n<li><a href=\"https:\/\/marcelopetraglia.com.br\/?p=304\">humanamente musicar<\/a><\/li>\n\n\n\n<li><a href=\"https:\/\/marcelopetraglia.com.br\/?p=363\">fen\u00f4menos complexos: cientistas tamb\u00e9m usam seu ouvido musical !<\/a><\/li>\n\n\n\n<li><a href=\"https:\/\/marcelopetraglia.com.br\/?p=357\">estudos sobre a a\u00e7\u00e3o de vibra\u00e7\u00f5es ac\u00fasticas e m\u00fasica em organismos vegetais<\/a><\/li>\n\n\n\n<li><a href=\"https:\/\/marcelopetraglia.com.br\/?p=317\">educa\u00e7\u00e3o musical: da impress\u00e3o \u00e0 express\u00e3o<\/a><\/li>\n\n\n\n<li><a href=\"https:\/\/marcelopetraglia.com.br\/?p=196\">ecoando resson\u00e2ncias da educa\u00e7\u00e3o ambiental: por uma ecologia sonora sens\u00edvel<\/a><\/li>\n\n\n\n<li><a href=\"https:\/\/marcelopetraglia.com.br\/?p=586\">contribui\u00e7\u00e3o \u00e0 compreens\u00e3o da musicalidade a partir de uma pesquisa psicossocial<\/a><\/li>\n\n\n\n<li><a href=\"https:\/\/marcelopetraglia.com.br\/?p=365\">considera\u00e7\u00f5es sobre o tempo musical<\/a><\/li>\n\n\n\n<li><a href=\"https:\/\/marcelopetraglia.com.br\/?p=178\">arte como caminho de conhecimento<\/a><\/li>\n\n\n\n<li><a href=\"https:\/\/marcelopetraglia.com.br\/?p=1013\">a pausa na m\u00fasica e na vida: suas muitas qualidades<\/a><\/li>\n\n\n\n<li><a href=\"https:\/\/marcelopetraglia.com.br\/?p=174\">a m\u00fasica e sua rela\u00e7\u00e3o com o ser humano<\/a><\/li>\n\n\n\n<li><a href=\"https:\/\/marcelopetraglia.com.br\/?p=160\">a experi\u00eancia da consci\u00eancia<\/a><\/li>\n<\/ul>\n<\/details>\n\n\n\n<div style=\"height:21px\" aria-hidden=\"true\" class=\"wp-block-spacer\"><\/div>\n\n\n\n<details class=\"wp-block-details is-layout-flow wp-block-details-is-layout-flow\"><summary>letras livres<\/summary>\n<ul class=\"wp-block-list\" id=\"category-posts-4-internal\">\n<li><a href=\"https:\/\/marcelopetraglia.com.br\/?p=1166\">Editorial GEPES \u2013 Conversa sobre Ecologia Ac\u00fastica, Ecologia Sonora e M\u00fasica<\/a><\/li>\n\n\n\n<li><a href=\"https:\/\/marcelopetraglia.com.br\/?p=461\">o tom r\u00e9<\/a><\/li>\n\n\n\n<li><a href=\"https:\/\/marcelopetraglia.com.br\/?p=455\">pesquisa sonora e musical<\/a><\/li>\n\n\n\n<li><a href=\"https:\/\/marcelopetraglia.com.br\/?p=353\">figuras vibrat\u00f3rias<\/a><\/li>\n\n\n\n<li><a href=\"https:\/\/marcelopetraglia.com.br\/?p=351\">o harmon\u00f3grafo<\/a><\/li>\n\n\n\n<li><a href=\"https:\/\/marcelopetraglia.com.br\/?p=345\">MuseScore \u2013 um software de nota\u00e7\u00e3o musical 10!<\/a><\/li>\n\n\n\n<li><a href=\"https:\/\/marcelopetraglia.com.br\/?p=321\">Rudolf Steiner<\/a><\/li>\n\n\n\n<li><a href=\"https:\/\/marcelopetraglia.com.br\/?p=319\">Ernst F. F. Chladni<\/a><\/li>\n\n\n\n<li><a href=\"https:\/\/marcelopetraglia.com.br\/?p=300\">use GNU\/Linux !<\/a><\/li>\n\n\n\n<li><a href=\"https:\/\/marcelopetraglia.com.br\/?p=206\">crescendo com m\u00fasica<\/a><\/li>\n<\/ul>\n<\/details>\n\n\n\n<p><br><a href=\"https:\/\/marcelopetraglia.com.br\/?p=1505\">acorde social<\/a><\/p>\n\n\n\n<p><a href=\"https:\/\/marcelopetraglia.com.br\/?p=1612\">entrevista, &#8220;lives&#8221; &amp; afins<\/a><\/p>\n\n\n\n<p><a href=\"https:\/\/marcelopetraglia.com.br\/?page_id=20\">envie uma mensagem<\/a><\/p>\n\n\n\n<p><a href=\"https:\/\/marcelopetraglia.com.br\/?p=1351\">cadastro<\/a><\/p>\n\n\n\n<p><a href=\"https:\/\/marcelopetraglia.com.br\/?page_id=1952&amp;my-courses\">meus estudos<\/a><\/p>\n","protected":false},"excerpt":{"rendered":"<p>in\u00edcio marcelo composi\u00e7\u00f5es instrumentos acorde social entrevista, &#8220;lives&#8221; &amp; afins envie uma mensagem cadastro meus estudos<\/p>\n","protected":false},"author":2,"featured_media":0,"comment_status":"closed","ping_status":"open","sticky":false,"template":"","format":"standard","meta":{"_uag_custom_page_level_css":"","advgb_blocks_editor_width":"","advgb_blocks_columns_visual_guide":"","site-sidebar-layout":"default","site-content-layout":"","ast-site-content-layout":"default","site-content-style":"default","site-sidebar-style":"default","ast-global-header-display":"","ast-banner-title-visibility":"","ast-main-header-display":"","ast-hfb-above-header-display":"","ast-hfb-below-header-display":"","ast-hfb-mobile-header-display":"","site-post-title":"","ast-breadcrumbs-content":"","ast-featured-img":"","footer-sml-layout":"","ast-disable-related-posts":"","theme-transparent-header-meta":"","adv-header-id-meta":"","stick-header-meta":"","header-above-stick-meta":"","header-main-stick-meta":"","header-below-stick-meta":"","astra-migrate-meta-layouts":"default","ast-page-background-enabled":"default","ast-page-background-meta":{"desktop":{"background-color":"var(--ast-global-color-4)","background-image":"","background-repeat":"repeat","background-position":"center center","background-size":"auto","background-attachment":"scroll","background-type":"","background-media":"","overlay-type":"","overlay-color":"","overlay-opacity":"","overlay-gradient":""},"tablet":{"background-color":"","background-image":"","background-repeat":"repeat","background-position":"center center","background-size":"auto","background-attachment":"scroll","background-type":"","background-media":"","overlay-type":"","overlay-color":"","overlay-opacity":"","overlay-gradient":""},"mobile":{"background-color":"","background-image":"","background-repeat":"repeat","background-position":"center center","background-size":"auto","background-attachment":"scroll","background-type":"","background-media":"","overlay-type":"","overlay-color":"","overlay-opacity":"","overlay-gradient":""}},"ast-content-background-meta":{"desktop":{"background-color":"var(--ast-global-color-5)","background-image":"","background-repeat":"repeat","background-position":"center center","background-size":"auto","background-attachment":"scroll","background-type":"","background-media":"","overlay-type":"","overlay-color":"","overlay-opacity":"","overlay-gradient":""},"tablet":{"background-color":"var(--ast-global-color-5)","background-image":"","background-repeat":"repeat","background-position":"center center","background-size":"auto","background-attachment":"scroll","background-type":"","background-media":"","overlay-type":"","overlay-color":"","overlay-opacity":"","overlay-gradient":""},"mobile":{"background-color":"var(--ast-global-color-5)","background-image":"","background-repeat":"repeat","background-position":"center center","background-size":"auto","background-attachment":"scroll","background-type":"","background-media":"","overlay-type":"","overlay-color":"","overlay-opacity":"","overlay-gradient":""}},"pgc_sgb_lightbox_settings":"","footnotes":""},"categories":[37],"tags":[],"class_list":["post-4987","post","type-post","status-publish","format-standard","hentry","category-site-sys"],"author_meta":{"display_name":"Marcelo S.Petraglia","author_link":"https:\/\/marcelopetraglia.com.br\/?author=2"},"featured_img":null,"uagb_featured_image_src":{"full":false,"thumbnail":false,"medium":false,"medium_large":false,"large":false,"1536x1536":false,"2048x2048":false,"lifterlms_certificate_background":false,"llms_notification_icon":false},"uagb_author_info":{"display_name":"Marcelo S.Petraglia","author_link":"https:\/\/marcelopetraglia.com.br\/?author=2"},"uagb_comment_info":0,"uagb_excerpt":"in\u00edcio marcelo composi\u00e7\u00f5es instrumentos acorde social entrevista, &#8220;lives&#8221; &amp; afins envie uma mensagem cadastro meus estudos","coauthors":[],"tax_additional":{"categories":{"linked":["<a href=\"https:\/\/marcelopetraglia.com.br\/?cat=37\" class=\"advgb-post-tax-term\">site-sys<\/a>"],"unlinked":["<span class=\"advgb-post-tax-term\">site-sys<\/span>"]}},"comment_count":"0","relative_dates":{"created":"Publicado 3 anos atr\u00e1s","modified":"Atualizado 1 ano atr\u00e1s"},"absolute_dates":{"created":"Publicado em 27\/08\/2023","modified":"Atualizado em 02\/02\/2025"},"absolute_dates_time":{"created":"Publicado em 27\/08\/2023 23:19","modified":"Atualizado em 02\/02\/2025 18:58"},"featured_img_caption":"","series_order":"","_links":{"self":[{"href":"https:\/\/marcelopetraglia.com.br\/index.php?rest_route=\/wp\/v2\/posts\/4987","targetHints":{"allow":["GET"]}}],"collection":[{"href":"https:\/\/marcelopetraglia.com.br\/index.php?rest_route=\/wp\/v2\/posts"}],"about":[{"href":"https:\/\/marcelopetraglia.com.br\/index.php?rest_route=\/wp\/v2\/types\/post"}],"author":[{"embeddable":true,"href":"https:\/\/marcelopetraglia.com.br\/index.php?rest_route=\/wp\/v2\/users\/2"}],"replies":[{"embeddable":true,"href":"https:\/\/marcelopetraglia.com.br\/index.php?rest_route=%2Fwp%2Fv2%2Fcomments&post=4987"}],"version-history":[{"count":7,"href":"https:\/\/marcelopetraglia.com.br\/index.php?rest_route=\/wp\/v2\/posts\/4987\/revisions"}],"predecessor-version":[{"id":7786,"href":"https:\/\/marcelopetraglia.com.br\/index.php?rest_route=\/wp\/v2\/posts\/4987\/revisions\/7786"}],"wp:attachment":[{"href":"https:\/\/marcelopetraglia.com.br\/index.php?rest_route=%2Fwp%2Fv2%2Fmedia&parent=4987"}],"wp:term":[{"taxonomy":"category","embeddable":true,"href":"https:\/\/marcelopetraglia.com.br\/index.php?rest_route=%2Fwp%2Fv2%2Fcategories&post=4987"},{"taxonomy":"post_tag","embeddable":true,"href":"https:\/\/marcelopetraglia.com.br\/index.php?rest_route=%2Fwp%2Fv2%2Ftags&post=4987"}],"curies":[{"name":"wp","href":"https:\/\/api.w.org\/{rel}","templated":true}]}}