{"id":6836,"date":"2024-08-16T22:42:19","date_gmt":"2024-08-16T22:42:19","guid":{"rendered":"https:\/\/marcelopetraglia.com.br\/?p=6836"},"modified":"2025-10-22T19:37:40","modified_gmt":"2025-10-22T19:37:40","slug":"terapeutas-mesa-lira-tubos-sonoros-brasil","status":"publish","type":"post","link":"https:\/\/marcelopetraglia.com.br\/?p=6836","title":{"rendered":"terapeutas mesa lira &amp; tubos sonoros brasil"},"content":{"rendered":"\n<p>Nesta p\u00e1gina voc\u00ea encontra uma listagem de profissionais que atendem com a Mesa Lira e\/ou Tubos Sonoros no territ\u00f3rio nacional e na <a href=\"#argentina\">Argentina<\/a>. Busque um(a) terapeuta perto de voc\u00ea para conhecer esta abordagem.<\/p>\n\n\n\n<div style=\"height:36px\" aria-hidden=\"true\" class=\"wp-block-spacer\"><\/div>\n\n\n\n<figure class=\"wp-block-image aligncenter size-large\"><img loading=\"lazy\" decoding=\"async\" width=\"526\" height=\"500\" src=\"https:\/\/marcelopetraglia.com.br\/mp\/wp-content\/uploads\/2024\/08\/mlts_mapa_251022-526x500.png\" alt=\"\" class=\"wp-image-9027\" srcset=\"https:\/\/marcelopetraglia.com.br\/mp\/wp-content\/uploads\/2024\/08\/mlts_mapa_251022-526x500.png 526w, https:\/\/marcelopetraglia.com.br\/mp\/wp-content\/uploads\/2024\/08\/mlts_mapa_251022-300x285.png 300w, https:\/\/marcelopetraglia.com.br\/mp\/wp-content\/uploads\/2024\/08\/mlts_mapa_251022-768x730.png 768w, https:\/\/marcelopetraglia.com.br\/mp\/wp-content\/uploads\/2024\/08\/mlts_mapa_251022.png 800w\" sizes=\"auto, (max-width: 526px) 100vw, 526px\" \/><\/figure>\n\n\n\n<div style=\"height:36px\" aria-hidden=\"true\" class=\"wp-block-spacer\"><\/div>\n\n\n\n<hr class=\"wp-block-separator has-alpha-channel-opacity is-style-wide\"\/>\n\n\n\n<p><strong>BAHIA<\/strong><\/p>\n\n\n\n<p><strong>Melissa Lima<\/strong><br>Local: Espa\u00e7o Casa da M\u00fascia \/ Salvador &#8211; BA<br>Contato: melissablima@gmail.com<br>Site: <a href=\"http:\/\/espacoacasadamusica.blogspot.com\" target=\"_blank\" rel=\"noreferrer noopener\">espacoacasadamusica.blogspot.com<\/a><br>Instagram: @mt_melissalima<\/p>\n\n\n\n<p><strong>Robson de Sousa Freitas<\/strong><br>Local: Consult\u00f3rio de Musicoterapia Robson Freitas \/ Feira de Santana &#8211; BA<br>Contato: Tel. 75 999246248<br>Site: <a href=\"https:\/\/linktr.ee\/robsonfreitasmusicoterapeuta\">https:\/\/linktr.ee\/robsonfreitasmusicoterapeuta<\/a><\/p>\n\n\n\n<hr class=\"wp-block-separator has-alpha-channel-opacity is-style-wide\"\/>\n\n\n\n<p><strong>CEAR\u00c1<\/strong><\/p>\n\n\n\n<p><strong>Gleika Cavalcanti Veras<\/strong><br>Local: Espa\u00e7o Hol\u00edstico Saraswati \/ Fortaleza &#8211; CE<br>Contato: Tel. 85 998424619<\/p>\n\n\n\n<hr class=\"wp-block-separator has-alpha-channel-opacity is-style-wide\"\/>\n\n\n\n<p><strong>DISTRITO FEDERAL<\/strong><\/p>\n\n\n\n<p><strong>Isabella Paz<\/strong><br>Local: Consult\u00f3rio particular \/ Bras\u00edlia &#8211; DF<br>Contato: Tel. 61 983272083<\/p>\n\n\n\n<p><strong>Jana\u00edna Santos Mathias Dias<\/strong><br>Local: Centro Empresarial Bar\u00e3o de Mau\u00e1 \/ Bras\u00edlia &#8211; DF<br>Contato: Tel. 61 999259863<br>Instagram: <a href=\"https:\/\/www.instagram.com\/janaina.mathiass\/\" target=\"_blank\" rel=\"noreferrer noopener\">@janaina.mathiass<\/a><\/p>\n\n\n\n<hr class=\"wp-block-separator has-alpha-channel-opacity is-style-wide\"\/>\n\n\n\n<p><strong>MATO GROSSO<\/strong><\/p>\n\n\n\n<p><strong>Marcelo Mendon\u00e7a<\/strong><br>Local: Centro Harmonia de Musicoterapia Especializada \/ Cuiab\u00e1 &#8211; MT<br>Contato: Tel. 65 999317486<\/p>\n\n\n\n<hr class=\"wp-block-separator has-alpha-channel-opacity is-style-wide\"\/>\n\n\n\n<p><strong>MINAS GERAIS<\/strong><\/p>\n\n\n\n<p><strong>Ana Carolina da Costa Carvalho<\/strong><br>Local: Cl\u00ednica \/ Rio Pomba &#8211; MG<br>Contato: Tel. 32 999306300<\/p>\n\n\n\n<p><strong>Celso Zymon<\/strong><br>Local: S\u00edtio dos Anjos \/ Itamonte &#8211; MG<br>Contato: Tel. 12 982156224<br>Site: <a href=\"https:\/\/celsozymon.com.br\/\">https:\/\/cel<\/a><a href=\"https:\/\/celsozymon.com.br\/\" target=\"_blank\" rel=\"noreferrer noopener\">s<\/a><a href=\"https:\/\/celsozymon.com.br\/\">ozymon.com.br\/<\/a><\/p>\n\n\n\n<p><strong>Lara Monteiro Moreira<\/strong><br>Local: Amailuz Terapias \/ Belo Horizonte &#8211; MG<br>Contato: Tel. 35 998554036<br>Site: <a href=\"http:\/\/www.laramonteiro.com.br\" target=\"_blank\" rel=\"noreferrer noopener\">http:\/\/www.laramonteiro.com.br<\/a><\/p>\n\n\n\n<p><strong>Marta Aparecida Pannocchia<\/strong><br>Local: Mesa Lira na Montanha \/ S\u00e3o Tom\u00e9 das Letras &#8211; MG<br>Contato: Tel. 31 993441847<br>Instagram: <a href=\"https:\/\/www.instagram.com\/mesalira.na.montanha\/\" target=\"_blank\" rel=\"noreferrer noopener\">@mesalira.na.montanha<\/a><\/p>\n\n\n\n<hr class=\"wp-block-separator has-alpha-channel-opacity is-style-wide\"\/>\n\n\n\n<p><strong>PARAN\u00c1<\/strong><\/p>\n\n\n\n<p><strong>July A B Azevedo<\/strong><br>Local: Cl\u00ednica Espa\u00e7o D.A.V.I. \/ Cascavel &#8211; PR<br>Contato: Tel. 45 991211283<\/p>\n\n\n\n<p><strong>Rosemary Rauchbach<\/strong><br>Local: Espa\u00e7o Terap\u00eautico Harmonia Integral \/ Curitiba &#8211; PR<br>Contato: Tel. 41 999721900<\/p>\n\n\n\n<hr class=\"wp-block-separator has-alpha-channel-opacity is-style-wide\"\/>\n\n\n\n<p><strong>PIAU\u00cd<\/strong><\/p>\n\n\n\n<p><strong>Ana C\u00e9lia Oliveira da Silva<\/strong><br>Local: Cl\u00ednica EPP \/ S\u00e3o Raimundo Nonato &#8211; PI<br>Contato: Tel. 89 981142422 <\/p>\n\n\n\n<p><strong>Leila Santos<\/strong><br>Local: Consult\u00f3rio Particular de Musicoterapia \/ Parna\u00edba &#8211; PI<br>Contato: Tel. 96 9 94142288 \/ 86 9 99977619 <br>Email <a href=\"mailto:leilinhajansen@gmail.com\">leilinhajansen@gmail.com<\/a><\/p>\n\n\n\n<hr class=\"wp-block-separator has-alpha-channel-opacity is-style-wide\"\/>\n\n\n\n<p><strong>RIO DE JANEIRO<\/strong><\/p>\n\n\n\n<p><strong>Adriana Costa<\/strong><br>Local: Consult\u00f3rio Particular em Copacabana \/ Rio de Janeiro &#8211; RJ<br>Contato: Tel. 21 9955-33336<br>Instagram: som_ar_terapia<\/p>\n\n\n\n<p><strong>Jos\u00e9 Henrique Nogueira<\/strong><br>Local: Espa\u00e7o 23 \/ Laranjeiras &#8211; Rio de Janeiro &#8211; RJ<br>Contato: Tel. 21 99806.7271 \/ <br>Email: <a href=\"mailto:nogueirajh@gmail.com\">nogueirajh@gmail.com<\/a><br>Site: <a href=\"http:\/\/www.espaco23.com\">http:\/\/www.espaco23.com<\/a><\/p>\n\n\n\n<p><strong>Lucia Casoy de Queiroz<\/strong><br>Local: Mangalan &#8211; terapias hol\u00edsticas \/ Nova Friburgo &#8211; RJ<br>Contato: Whatsapp. 21 968316697<br>Instagram: <a href=\"https:\/\/www.instagram.com\/luciacasoy_?igsh=OGZuYTV4djgwNjFh\" target=\"_blank\" rel=\"noreferrer noopener\">@luciacasoy_<\/a><\/p>\n\n\n\n<hr class=\"wp-block-separator has-alpha-channel-opacity is-style-wide\"\/>\n\n\n\n<p><strong>RIO GRANDE DO SUL<\/strong><\/p>\n\n\n\n<p><strong>Renata de Cienfuegos Bucci<\/strong><br>Local: Renata Bucci Terapias no Portal Prana da Serra \/ S\u00e3o Francisco de Paula &#8211; RS<br>Contato: Tel. 54 996780192<br>Instagram: <a href=\"https:\/\/www.instagram.com\/renatabucci_terapias\/p\/Ctq_ehcujwc\/\" target=\"_blank\" rel=\"noreferrer noopener\">@renatabucci_terapias<\/a><\/p>\n\n\n\n<hr class=\"wp-block-separator has-alpha-channel-opacity is-style-wide\"\/>\n\n\n\n<p><strong>SANTA CATARINA<\/strong><\/p>\n\n\n\n<p><strong>Ananda Eluf<\/strong><br>Local: Florian\u00f3polis &#8211; SC<br>Contato: Tel. 48 998192261<br>Instagram: <a href=\"https:\/\/www.instagram.com\/cantoecantoterapia\/\" target=\"_blank\" rel=\"noreferrer noopener\">@cantoecantoterapia<\/a><\/p>\n\n\n\n<hr class=\"wp-block-separator has-alpha-channel-opacity is-style-wide\"\/>\n\n\n\n<p><strong>S\u00c3O PAULO<\/strong><\/p>\n\n\n\n<p><strong>Andrea A. Pissaia<\/strong><br>Local: Espa\u00e7o Mel &#8211; Zona Oeste &#8211; Vila Leopoldina \/ S\u00e3o Paulo &#8211; SP<br>Contato: Tel. 11 94499 7575<\/p>\n\n\n\n<p><strong>Everson Luis da Silva<\/strong><br>Local: Sala particular \/ Itu &#8211; SP<br>Contato: Tel. 15 98138 8178<\/p>\n\n\n\n<p><strong>Fl\u00e1via Aparecida Moselli Costa<\/strong><br>Local: Fl\u00e1via Moselli Musicoterapia \/ Limeira &#8211; SP<br>Contato: Tel. 19 984141318<\/p>\n\n\n\n<p><strong>Haran Magalh\u00e3es Rodrigues<\/strong><br>Local: Awake Health, Espa\u00e7o Natividade, atendimentos presenciais na casa do cliente \/ S\u00e3o Paulo &#8211; SP<br>Contato: Tel. 11 954546074<\/p>\n\n\n\n<p><strong>In\u00eas Nigro<\/strong><br>Local: Espa\u00e7o Sofia \/ S\u00e3o Paulo &#8211; SP<br>Contato: Tel. 11 99154-7044 \/ Email <a href=\"mailto:inesnigro@hotmail.com\">inesnigro@hotmail.com<\/a><br>Site: <a href=\"https:\/\/inesnigro.com.br\/\"><\/a><a href=\"https:\/\/inesnigro.com.br\/\" target=\"_blank\" rel=\"noreferrer noopener\">inesnigro.com.br<\/a><\/p>\n\n\n\n<p><strong>Jacqueline Valini Santos<\/strong><br>Local: Cl\u00ednica Particular \/ S\u00e3o Jos\u00e9 do Rio Preto &#8211; SP<br>Contato: Tel. 17 996217010<br>Instagram: <a href=\"https:\/\/www.instagram.com\/jacquelinevalini_mt?igsh=MXFudmlnNTExYjVudA%3D%3D\">@jacquelinevalini_mt<\/a><\/p>\n\n\n\n<p><strong>Juliana Duarte Carvalho<\/strong><br>Local: Consult\u00f3rio particular na rua Afonso Celso 1221, sala11, Vila Mariana \/ S\u00e3o Paulo &#8211; SP<br>Contato: Tel. 11 98321-3088 \/ Email <a href=\"mailto:judcarvalho@gmail.com\">judcarvalho@gmail.com<\/a><\/p>\n\n\n\n<p><strong>Luciana Braghini<\/strong><br>Local: Espa\u00e7o Luz \/ Americana &#8211; SP<br>Contato: Tel. 19 981256605<br>Instagram: <a href=\"https:\/\/www.instagram.com\/luz_terapiaholistica\/\">@luz_terapiaholistica<\/a><\/p>\n\n\n\n<p><strong>Mirian Steinberg<\/strong><br>Local: Brooklin e Santa Cruz \/ S\u00e3o Paulo &#8211; SP<br>Contato: Tel. 11 997877445<br>Instagram: <a href=\"https:\/\/www.instagram.com\/miriansteinberg_\/\" target=\"_blank\" rel=\"noreferrer noopener\">@miriansteinberg Instagram<\/a><\/p>\n\n\n\n<p><strong>M\u00f4nica Leoni Maffei<\/strong><br>Local: Sala privativa na Galeria Bali \/ Maresias &#8211; S\u00e3o Sebasti\u00e3o &#8211; SP<br>Contato: Tel. 14 98111 7117<\/p>\n\n\n\n<p><strong>Paulo Santi<\/strong><br>Local: Cl\u00ednica Morumbi \/ S\u00e3o Paulo &#8211; SP<br>Contato: Tel. 11 991583962<br>Site: <a href=\"http:\/\/www.clinicamorumbi.com.br\" target=\"_blank\" rel=\"noreferrer noopener\">http:\/\/www.clinicamorumbi.com.br<\/a><\/p>\n\n\n\n<p><strong>Rafael Cameron<\/strong><br>Local: Damaru Terapia Sonora<br>Contato: contato@damaruterapiasonora.com.br<br>Site: <a href=\"http:\/\/damaruterapiasonora.com.br\" target=\"_blank\" rel=\"noreferrer noopener\">damaruterapiasonora.com.br<\/a><br>Instagram: @damaruterapiasonora<\/p>\n\n\n\n<p><strong>Rosana Tieka Miyazaki Brancucci<\/strong><br>Local: Consult\u00f3rio particular \/ S\u00e3o Paulo &#8211; SP<br>Contato: Tel. 11 99939 4053<\/p>\n\n\n\n<p><strong>Silvana Pereira de Oliveira<\/strong><br>Local: Espa\u00e7o Multi AtivaMente \/ Itanha\u00e9m &#8211; SP<br>Contato: Tel. 13 997546983<\/p>\n\n\n\n<p><strong>Val\u00e9ria De Biase<\/strong><br>Local: Espa\u00e7o Sattva \/ Pindamonhangaba &#8211; SP<br>Contato: Tel. 12 991952597<br>Instagram: <a href=\"https:\/\/www.instagram.com\/espaco.sattva\/\" target=\"_blank\" rel=\"noreferrer noopener\">@espaco.sattva<\/a><\/p>\n\n\n\n<p><strong>Viviane Barbosa de Magalh\u00e3es<\/strong><br>Local: Cor e Som terapias, media\u00e7\u00f5es e solu\u00e7\u00f5es \/ S\u00e3o Paulo &#8211; SP<br>Contato: Tel. 12 950482317<br>Instagram: <a href=\"https:\/\/www.instagram.com\/vividaviola?igsh=MWwwYmN0cTdwZGJsbg==\" target=\"_blank\" rel=\"noreferrer noopener\">@vividaviola<\/a><\/p>\n\n\n\n<hr class=\"wp-block-separator has-alpha-channel-opacity is-style-wide\"\/>\n\n\n\n<p><strong>SERGIPE<\/strong><\/p>\n\n\n\n<p><strong>Humberto Barreto<\/strong><br>Local: Reintegrar Sa\u00fade Mental \/ Aracaju &#8211; SE<br>Contato: Tel. 79 988566383<br>Instagram: <a href=\"https:\/\/www.instagram.com\/reintegrarsaudemental?igsh=MXluNHp1YjhvNjQz\">@reintegrarsaudemental <\/a><\/p>\n\n\n\n<hr class=\"wp-block-separator has-alpha-channel-opacity is-style-wide\"\/>\n\n\n\n<p id=\"argentina\"><strong>ARGENTINA<\/strong><\/p>\n\n\n\n<hr class=\"wp-block-separator has-alpha-channel-opacity is-style-wide\"\/>\n\n\n\n<p><strong>Sabrina T\u00e1ntera<\/strong><br>Local: Ciencias M\u00edsticas, Gimnasio Monkey \/ Carlos Paz &#8211; C\u00f3rdoba &#8211; Argentina<br>Contato: Tel. +54 9 3541 575118<br>Instagram: <a href=\"https:\/\/www.instagram.com\/monkeysgymvcp?igsh=dzRlbzNncXU1MWhv\">@monkeysgymvcp<\/a><\/p>\n\n\n\n<hr class=\"wp-block-separator has-alpha-channel-opacity is-style-wide\"\/>\n\n\n\n<p><\/p>\n","protected":false},"excerpt":{"rendered":"<p>Nesta p\u00e1gina voc\u00ea encontra uma listagem de profissionais que atendem com a Mesa Lira e\/ou Tubos Sonoros no territ\u00f3rio nacional e na Argentina. Busque um(a) terapeuta perto de voc\u00ea para conhecer esta abordagem. BAHIA Melissa LimaLocal: Espa\u00e7o Casa da M\u00fascia \/ Salvador &#8211; BAContato: melissablima@gmail.comSite: espacoacasadamusica.blogspot.comInstagram: @mt_melissalima Robson de Sousa FreitasLocal: Consult\u00f3rio de Musicoterapia Robson [&hellip;]<\/p>\n","protected":false},"author":2,"featured_media":0,"comment_status":"closed","ping_status":"closed","sticky":false,"template":"","format":"standard","meta":{"_uag_custom_page_level_css":"","advgb_blocks_editor_width":"","advgb_blocks_columns_visual_guide":"","site-sidebar-layout":"default","site-content-layout":"","ast-site-content-layout":"default","site-content-style":"default","site-sidebar-style":"default","ast-global-header-display":"","ast-banner-title-visibility":"","ast-main-header-display":"","ast-hfb-above-header-display":"","ast-hfb-below-header-display":"","ast-hfb-mobile-header-display":"","site-post-title":"","ast-breadcrumbs-content":"","ast-featured-img":"","footer-sml-layout":"","ast-disable-related-posts":"","theme-transparent-header-meta":"","adv-header-id-meta":"","stick-header-meta":"","header-above-stick-meta":"","header-main-stick-meta":"","header-below-stick-meta":"","astra-migrate-meta-layouts":"set","ast-page-background-enabled":"default","ast-page-background-meta":{"desktop":{"background-color":"var(--ast-global-color-4)","background-image":"","background-repeat":"repeat","background-position":"center center","background-size":"auto","background-attachment":"scroll","background-type":"","background-media":"","overlay-type":"","overlay-color":"","overlay-opacity":"","overlay-gradient":""},"tablet":{"background-color":"","background-image":"","background-repeat":"repeat","background-position":"center center","background-size":"auto","background-attachment":"scroll","background-type":"","background-media":"","overlay-type":"","overlay-color":"","overlay-opacity":"","overlay-gradient":""},"mobile":{"background-color":"","background-image":"","background-repeat":"repeat","background-position":"center center","background-size":"auto","background-attachment":"scroll","background-type":"","background-media":"","overlay-type":"","overlay-color":"","overlay-opacity":"","overlay-gradient":""}},"ast-content-background-meta":{"desktop":{"background-color":"var(--ast-global-color-5)","background-image":"","background-repeat":"repeat","background-position":"center center","background-size":"auto","background-attachment":"scroll","background-type":"","background-media":"","overlay-type":"","overlay-color":"","overlay-opacity":"","overlay-gradient":""},"tablet":{"background-color":"var(--ast-global-color-5)","background-image":"","background-repeat":"repeat","background-position":"center center","background-size":"auto","background-attachment":"scroll","background-type":"","background-media":"","overlay-type":"","overlay-color":"","overlay-opacity":"","overlay-gradient":""},"mobile":{"background-color":"var(--ast-global-color-5)","background-image":"","background-repeat":"repeat","background-position":"center center","background-size":"auto","background-attachment":"scroll","background-type":"","background-media":"","overlay-type":"","overlay-color":"","overlay-opacity":"","overlay-gradient":""}},"pgc_sgb_lightbox_settings":"","footnotes":""},"categories":[35],"tags":[],"class_list":["post-6836","post","type-post","status-publish","format-standard","hentry","category-mlts"],"author_meta":{"display_name":"Marcelo S.Petraglia","author_link":"https:\/\/marcelopetraglia.com.br\/?author=2"},"featured_img":null,"uagb_featured_image_src":{"full":false,"thumbnail":false,"medium":false,"medium_large":false,"large":false,"1536x1536":false,"2048x2048":false,"lifterlms_certificate_background":false,"llms_notification_icon":false},"uagb_author_info":{"display_name":"Marcelo S.Petraglia","author_link":"https:\/\/marcelopetraglia.com.br\/?author=2"},"uagb_comment_info":0,"uagb_excerpt":"Nesta p\u00e1gina voc\u00ea encontra uma listagem de profissionais que atendem com a Mesa Lira e\/ou Tubos Sonoros no territ\u00f3rio nacional e na Argentina. Busque um(a) terapeuta perto de voc\u00ea para conhecer esta abordagem. BAHIA Melissa LimaLocal: Espa\u00e7o Casa da M\u00fascia \/ Salvador &#8211; BAContato: melissablima@gmail.comSite: espacoacasadamusica.blogspot.comInstagram: @mt_melissalima Robson de Sousa FreitasLocal: Consult\u00f3rio de Musicoterapia Robson&hellip;","coauthors":[],"tax_additional":{"categories":{"linked":["<a href=\"https:\/\/marcelopetraglia.com.br\/?cat=35\" class=\"advgb-post-tax-term\">ml-ts<\/a>"],"unlinked":["<span class=\"advgb-post-tax-term\">ml-ts<\/span>"]}},"comment_count":"0","relative_dates":{"created":"Publicado 2 anos atr\u00e1s","modified":"Atualizado 6 meses atr\u00e1s"},"absolute_dates":{"created":"Publicado em 16\/08\/2024","modified":"Atualizado em 22\/10\/2025"},"absolute_dates_time":{"created":"Publicado em 16\/08\/2024 22:42","modified":"Atualizado em 22\/10\/2025 19:37"},"featured_img_caption":"","series_order":"","_links":{"self":[{"href":"https:\/\/marcelopetraglia.com.br\/index.php?rest_route=\/wp\/v2\/posts\/6836","targetHints":{"allow":["GET"]}}],"collection":[{"href":"https:\/\/marcelopetraglia.com.br\/index.php?rest_route=\/wp\/v2\/posts"}],"about":[{"href":"https:\/\/marcelopetraglia.com.br\/index.php?rest_route=\/wp\/v2\/types\/post"}],"author":[{"embeddable":true,"href":"https:\/\/marcelopetraglia.com.br\/index.php?rest_route=\/wp\/v2\/users\/2"}],"replies":[{"embeddable":true,"href":"https:\/\/marcelopetraglia.com.br\/index.php?rest_route=%2Fwp%2Fv2%2Fcomments&post=6836"}],"version-history":[{"count":50,"href":"https:\/\/marcelopetraglia.com.br\/index.php?rest_route=\/wp\/v2\/posts\/6836\/revisions"}],"predecessor-version":[{"id":9028,"href":"https:\/\/marcelopetraglia.com.br\/index.php?rest_route=\/wp\/v2\/posts\/6836\/revisions\/9028"}],"wp:attachment":[{"href":"https:\/\/marcelopetraglia.com.br\/index.php?rest_route=%2Fwp%2Fv2%2Fmedia&parent=6836"}],"wp:term":[{"taxonomy":"category","embeddable":true,"href":"https:\/\/marcelopetraglia.com.br\/index.php?rest_route=%2Fwp%2Fv2%2Fcategories&post=6836"},{"taxonomy":"post_tag","embeddable":true,"href":"https:\/\/marcelopetraglia.com.br\/index.php?rest_route=%2Fwp%2Fv2%2Ftags&post=6836"}],"curies":[{"name":"wp","href":"https:\/\/api.w.org\/{rel}","templated":true}]}}